{"id":19062,"date":"2026-09-01T09:20:58","date_gmt":"2026-09-01T08:20:58","guid":{"rendered":"https:\/\/www.mercatcarnibcn.com\/?p=19062"},"modified":"2026-09-01T09:20:58","modified_gmt":"2026-09-01T08:20:58","slug":"cataluna-respira-dos-semanas-sin-nuevos-positivos-de-ppa","status":"publish","type":"post","link":"https:\/\/www.mercatcarnibcn.com\/es\/cataluna-respira-dos-semanas-sin-nuevos-positivos-de-ppa\/","title":{"rendered":"Catalu\u00f1a respira: dos semanas sin nuevos positivos de PPA"},"content":{"rendered":"<p>Los Servicios Veterinarios Oficiales de la Generalitat de Catalunya no han detectado nuevos casos positivos de peste porcina africana (PPA) en la \u00faltima semana, la segunda consecutiva sin nuevos positivos desde la anterior actualizaci\u00f3n, del 20 de agosto, del Ministerio de Agricultura. Pese a ello, el organismo mantiene todas las medidas en vigor, ya que contin\u00faan las capturas de animales y las tareas de b\u00fasqueda de cad\u00e1veres, por lo que no descarta que se registren m\u00e1s casos en las pr\u00f3ximas semanas.<\/p>\n<p>El balance se mantiene en los 67 focos notificados hasta el 13 de agosto, tres de ellos primarios y 64 secundarios, que suman un total de 379 casos en jabal\u00edes positivos repartidos en 13 municipios: Cerdanyola del Vall\u00e8s, Sant Cugat del Vall\u00e8s, Sant Quirze del Vall\u00e8s, Terrassa, Rub\u00ed, Molins de Rei, Sant Feliu de Llobregat, Sant Just Desvern, Barcelona, Sabadell, El Papiol, Castellbisbal y Esplugues de Llobregat.<\/p>\n<p>A estas cifras se suman otros 11.197 animales analizados con resultado negativo, de los que 9.488 corresponden a ejemplares capturados o abatidos sin s\u00edntomas cl\u00ednicos, mientras que los 1.709 restantes se investigaron por vigilancia pasiva, es decir, cad\u00e1veres enteros o restos hallados en el medio natural, as\u00ed como animales con sintomatolog\u00eda, en las zonas restringidas y su entorno.<\/p>\n<h5>Sin casos en granjas<\/h5>\n<p>En las granjas y otros establecimientos porcinos ubicados en las zonas I y II, los SVO mantienen sus controles habituales, con inspecciones de las medidas de bioseguridad y la vigilancia pasiva reforzada que exige la normativa comunitaria en las explotaciones comerciales. Hasta la fecha no se ha detectado ning\u00fan caso positivo en cerdo dom\u00e9stico, y la gran mayor\u00eda de las explotaciones localizadas en zona II permanecen actualmente vac\u00edas.<\/p>\n<p>Fuente: <a href=\"https:\/\/www.agrodigital.com\/2026\/08\/31\/peste-porcina-africana-cataluna-2\/\">Agrodigital<\/a><\/p>\n","protected":false},"excerpt":{"rendered":"<p>Los Servicios Veterinarios Oficiales de la Generalitat de Catalunya no han detectado nuevos casos positivos de peste porcina africana (PPA) en la \u00faltima semana, la segunda consecutiva sin nuevos positivos desde la anterior actualizaci\u00f3n, del 20 de agosto, del Ministerio de Agricultura. Pese a ello, el organismo mantiene todas las medidas en vigor, ya que [&hellip;]<\/p>\n","protected":false},"author":4,"featured_media":0,"comment_status":"closed","ping_status":"open","sticky":false,"template":"","format":"standard","meta":{"_et_pb_use_builder":"","_et_pb_old_content":"","_et_gb_content_width":"","footnotes":""},"categories":[82],"tags":[],"class_list":["post-19062","post","type-post","status-publish","format-standard","hentry","category-noticias"],"yoast_head":"<!-- This site is optimized with the Yoast SEO plugin v28.3 - https:\/\/yoast.com\/product\/yoast-seo-wordpress\/ -->\n<title>Catalu\u00f1a respira: dos semanas sin nuevos positivos de PPA - Mercat Carni Barcelona<\/title>\n<meta name=\"robots\" content=\"index, follow, max-snippet:-1, max-image-preview:large, max-video-preview:-1\" \/>\n<link rel=\"canonical\" href=\"https:\/\/www.mercatcarnibcn.com\/es\/cataluna-respira-dos-semanas-sin-nuevos-positivos-de-ppa\/\" \/>\n<meta property=\"og:locale\" content=\"es_ES\" \/>\n<meta property=\"og:type\" content=\"article\" \/>\n<meta property=\"og:title\" content=\"Catalu\u00f1a respira: dos semanas sin nuevos positivos de PPA - Mercat Carni Barcelona\" \/>\n<meta property=\"og:description\" content=\"Los Servicios Veterinarios Oficiales de la Generalitat de Catalunya no han detectado nuevos casos positivos de peste porcina africana (PPA) en la \u00faltima semana, la segunda consecutiva sin nuevos positivos desde la anterior actualizaci\u00f3n, del 20 de agosto, del Ministerio de Agricultura. Pese a ello, el organismo mantiene todas las medidas en vigor, ya que [&hellip;]\" \/>\n<meta property=\"og:url\" content=\"https:\/\/www.mercatcarnibcn.com\/es\/cataluna-respira-dos-semanas-sin-nuevos-positivos-de-ppa\/\" \/>\n<meta property=\"og:site_name\" content=\"Mercat Carni Barcelona\" \/>\n<meta property=\"article:published_time\" content=\"2026-09-01T08:20:58+00:00\" \/>\n<meta name=\"author\" content=\"Marta Morato\" \/>\n<meta name=\"twitter:card\" content=\"summary_large_image\" \/>\n<meta name=\"twitter:label1\" content=\"Escrito por\" \/>\n\t<meta name=\"twitter:data1\" content=\"Marta Morato\" \/>\n\t<meta name=\"twitter:label2\" content=\"Tiempo de lectura\" \/>\n\t<meta name=\"twitter:data2\" content=\"2 minutos\" \/>\n<script type=\"application\/ld+json\" class=\"yoast-schema-graph\">{\"@context\":\"https:\\\/\\\/schema.org\",\"@graph\":[{\"@type\":\"Article\",\"@id\":\"https:\\\/\\\/www.mercatcarnibcn.com\\\/es\\\/cataluna-respira-dos-semanas-sin-nuevos-positivos-de-ppa\\\/#article\",\"isPartOf\":{\"@id\":\"https:\\\/\\\/www.mercatcarnibcn.com\\\/es\\\/cataluna-respira-dos-semanas-sin-nuevos-positivos-de-ppa\\\/\"},\"author\":{\"name\":\"Marta Morato\",\"@id\":\"https:\\\/\\\/www.mercatcarnibcn.com\\\/#\\\/schema\\\/person\\\/3c07a2e77864b9230f16de6dd3b7f0ab\"},\"headline\":\"Catalu\u00f1a respira: dos semanas sin nuevos positivos de PPA\",\"datePublished\":\"2026-09-01T08:20:58+00:00\",\"mainEntityOfPage\":{\"@id\":\"https:\\\/\\\/www.mercatcarnibcn.com\\\/es\\\/cataluna-respira-dos-semanas-sin-nuevos-positivos-de-ppa\\\/\"},\"wordCount\":299,\"articleSection\":[\"Noticias\"],\"inLanguage\":\"es\"},{\"@type\":\"WebPage\",\"@id\":\"https:\\\/\\\/www.mercatcarnibcn.com\\\/es\\\/cataluna-respira-dos-semanas-sin-nuevos-positivos-de-ppa\\\/\",\"url\":\"https:\\\/\\\/www.mercatcarnibcn.com\\\/es\\\/cataluna-respira-dos-semanas-sin-nuevos-positivos-de-ppa\\\/\",\"name\":\"Catalu\u00f1a respira: dos semanas sin nuevos positivos de PPA - Mercat Carni Barcelona\",\"isPartOf\":{\"@id\":\"https:\\\/\\\/www.mercatcarnibcn.com\\\/#website\"},\"datePublished\":\"2026-09-01T08:20:58+00:00\",\"author\":{\"@id\":\"https:\\\/\\\/www.mercatcarnibcn.com\\\/#\\\/schema\\\/person\\\/3c07a2e77864b9230f16de6dd3b7f0ab\"},\"breadcrumb\":{\"@id\":\"https:\\\/\\\/www.mercatcarnibcn.com\\\/es\\\/cataluna-respira-dos-semanas-sin-nuevos-positivos-de-ppa\\\/#breadcrumb\"},\"inLanguage\":\"es\",\"potentialAction\":[{\"@type\":\"ReadAction\",\"target\":[\"https:\\\/\\\/www.mercatcarnibcn.com\\\/es\\\/cataluna-respira-dos-semanas-sin-nuevos-positivos-de-ppa\\\/\"]}]},{\"@type\":\"BreadcrumbList\",\"@id\":\"https:\\\/\\\/www.mercatcarnibcn.com\\\/es\\\/cataluna-respira-dos-semanas-sin-nuevos-positivos-de-ppa\\\/#breadcrumb\",\"itemListElement\":[{\"@type\":\"ListItem\",\"position\":1,\"name\":\"Portada\",\"item\":\"https:\\\/\\\/www.mercatcarnibcn.com\\\/es\\\/inicio\\\/\"},{\"@type\":\"ListItem\",\"position\":2,\"name\":\"Catalu\u00f1a respira: dos semanas sin nuevos positivos de PPA\"}]},{\"@type\":\"WebSite\",\"@id\":\"https:\\\/\\\/www.mercatcarnibcn.com\\\/#website\",\"url\":\"https:\\\/\\\/www.mercatcarnibcn.com\\\/\",\"name\":\"Mercat Carni Barcelona\",\"description\":\"El Mercat Carni-Ramader i Av\u00edcola de Barcelona\",\"potentialAction\":[{\"@type\":\"SearchAction\",\"target\":{\"@type\":\"EntryPoint\",\"urlTemplate\":\"https:\\\/\\\/www.mercatcarnibcn.com\\\/?s={search_term_string}\"},\"query-input\":{\"@type\":\"PropertyValueSpecification\",\"valueRequired\":true,\"valueName\":\"search_term_string\"}}],\"inLanguage\":\"es\"},{\"@type\":\"Person\",\"@id\":\"https:\\\/\\\/www.mercatcarnibcn.com\\\/#\\\/schema\\\/person\\\/3c07a2e77864b9230f16de6dd3b7f0ab\",\"name\":\"Marta Morato\",\"image\":{\"@type\":\"ImageObject\",\"inLanguage\":\"es\",\"@id\":\"https:\\\/\\\/secure.gravatar.com\\\/avatar\\\/e1f41650665770c942d4e8f4d0d82a76309f5f22ee6ddd29103abcc681db35a2?s=96&d=mm&r=g\",\"url\":\"https:\\\/\\\/secure.gravatar.com\\\/avatar\\\/e1f41650665770c942d4e8f4d0d82a76309f5f22ee6ddd29103abcc681db35a2?s=96&d=mm&r=g\",\"contentUrl\":\"https:\\\/\\\/secure.gravatar.com\\\/avatar\\\/e1f41650665770c942d4e8f4d0d82a76309f5f22ee6ddd29103abcc681db35a2?s=96&d=mm&r=g\",\"caption\":\"Marta Morato\"}}]}<\/script>\n<!-- \/ Yoast SEO plugin. -->","yoast_head_json":{"title":"Catalu\u00f1a respira: dos semanas sin nuevos positivos de PPA - Mercat Carni Barcelona","robots":{"index":"index","follow":"follow","max-snippet":"max-snippet:-1","max-image-preview":"max-image-preview:large","max-video-preview":"max-video-preview:-1"},"canonical":"https:\/\/www.mercatcarnibcn.com\/es\/cataluna-respira-dos-semanas-sin-nuevos-positivos-de-ppa\/","og_locale":"es_ES","og_type":"article","og_title":"Catalu\u00f1a respira: dos semanas sin nuevos positivos de PPA - Mercat Carni Barcelona","og_description":"Los Servicios Veterinarios Oficiales de la Generalitat de Catalunya no han detectado nuevos casos positivos de peste porcina africana (PPA) en la \u00faltima semana, la segunda consecutiva sin nuevos positivos desde la anterior actualizaci\u00f3n, del 20 de agosto, del Ministerio de Agricultura. Pese a ello, el organismo mantiene todas las medidas en vigor, ya que [&hellip;]","og_url":"https:\/\/www.mercatcarnibcn.com\/es\/cataluna-respira-dos-semanas-sin-nuevos-positivos-de-ppa\/","og_site_name":"Mercat Carni Barcelona","article_published_time":"2026-09-01T08:20:58+00:00","author":"Marta Morato","twitter_card":"summary_large_image","twitter_misc":{"Escrito por":"Marta Morato","Tiempo de lectura":"2 minutos"},"schema":{"@context":"https:\/\/schema.org","@graph":[{"@type":"Article","@id":"https:\/\/www.mercatcarnibcn.com\/es\/cataluna-respira-dos-semanas-sin-nuevos-positivos-de-ppa\/#article","isPartOf":{"@id":"https:\/\/www.mercatcarnibcn.com\/es\/cataluna-respira-dos-semanas-sin-nuevos-positivos-de-ppa\/"},"author":{"name":"Marta Morato","@id":"https:\/\/www.mercatcarnibcn.com\/#\/schema\/person\/3c07a2e77864b9230f16de6dd3b7f0ab"},"headline":"Catalu\u00f1a respira: dos semanas sin nuevos positivos de PPA","datePublished":"2026-09-01T08:20:58+00:00","mainEntityOfPage":{"@id":"https:\/\/www.mercatcarnibcn.com\/es\/cataluna-respira-dos-semanas-sin-nuevos-positivos-de-ppa\/"},"wordCount":299,"articleSection":["Noticias"],"inLanguage":"es"},{"@type":"WebPage","@id":"https:\/\/www.mercatcarnibcn.com\/es\/cataluna-respira-dos-semanas-sin-nuevos-positivos-de-ppa\/","url":"https:\/\/www.mercatcarnibcn.com\/es\/cataluna-respira-dos-semanas-sin-nuevos-positivos-de-ppa\/","name":"Catalu\u00f1a respira: dos semanas sin nuevos positivos de PPA - Mercat Carni Barcelona","isPartOf":{"@id":"https:\/\/www.mercatcarnibcn.com\/#website"},"datePublished":"2026-09-01T08:20:58+00:00","author":{"@id":"https:\/\/www.mercatcarnibcn.com\/#\/schema\/person\/3c07a2e77864b9230f16de6dd3b7f0ab"},"breadcrumb":{"@id":"https:\/\/www.mercatcarnibcn.com\/es\/cataluna-respira-dos-semanas-sin-nuevos-positivos-de-ppa\/#breadcrumb"},"inLanguage":"es","potentialAction":[{"@type":"ReadAction","target":["https:\/\/www.mercatcarnibcn.com\/es\/cataluna-respira-dos-semanas-sin-nuevos-positivos-de-ppa\/"]}]},{"@type":"BreadcrumbList","@id":"https:\/\/www.mercatcarnibcn.com\/es\/cataluna-respira-dos-semanas-sin-nuevos-positivos-de-ppa\/#breadcrumb","itemListElement":[{"@type":"ListItem","position":1,"name":"Portada","item":"https:\/\/www.mercatcarnibcn.com\/es\/inicio\/"},{"@type":"ListItem","position":2,"name":"Catalu\u00f1a respira: dos semanas sin nuevos positivos de PPA"}]},{"@type":"WebSite","@id":"https:\/\/www.mercatcarnibcn.com\/#website","url":"https:\/\/www.mercatcarnibcn.com\/","name":"Mercat Carni Barcelona","description":"El Mercat Carni-Ramader i Av\u00edcola de Barcelona","potentialAction":[{"@type":"SearchAction","target":{"@type":"EntryPoint","urlTemplate":"https:\/\/www.mercatcarnibcn.com\/?s={search_term_string}"},"query-input":{"@type":"PropertyValueSpecification","valueRequired":true,"valueName":"search_term_string"}}],"inLanguage":"es"},{"@type":"Person","@id":"https:\/\/www.mercatcarnibcn.com\/#\/schema\/person\/3c07a2e77864b9230f16de6dd3b7f0ab","name":"Marta Morato","image":{"@type":"ImageObject","inLanguage":"es","@id":"https:\/\/secure.gravatar.com\/avatar\/e1f41650665770c942d4e8f4d0d82a76309f5f22ee6ddd29103abcc681db35a2?s=96&d=mm&r=g","url":"https:\/\/secure.gravatar.com\/avatar\/e1f41650665770c942d4e8f4d0d82a76309f5f22ee6ddd29103abcc681db35a2?s=96&d=mm&r=g","contentUrl":"https:\/\/secure.gravatar.com\/avatar\/e1f41650665770c942d4e8f4d0d82a76309f5f22ee6ddd29103abcc681db35a2?s=96&d=mm&r=g","caption":"Marta Morato"}}]}},"_links":{"self":[{"href":"https:\/\/www.mercatcarnibcn.com\/es\/wp-json\/wp\/v2\/posts\/19062","targetHints":{"allow":["GET"]}}],"collection":[{"href":"https:\/\/www.mercatcarnibcn.com\/es\/wp-json\/wp\/v2\/posts"}],"about":[{"href":"https:\/\/www.mercatcarnibcn.com\/es\/wp-json\/wp\/v2\/types\/post"}],"author":[{"embeddable":true,"href":"https:\/\/www.mercatcarnibcn.com\/es\/wp-json\/wp\/v2\/users\/4"}],"replies":[{"embeddable":true,"href":"https:\/\/www.mercatcarnibcn.com\/es\/wp-json\/wp\/v2\/comments?post=19062"}],"version-history":[{"count":1,"href":"https:\/\/www.mercatcarnibcn.com\/es\/wp-json\/wp\/v2\/posts\/19062\/revisions"}],"predecessor-version":[{"id":19063,"href":"https:\/\/www.mercatcarnibcn.com\/es\/wp-json\/wp\/v2\/posts\/19062\/revisions\/19063"}],"wp:attachment":[{"href":"https:\/\/www.mercatcarnibcn.com\/es\/wp-json\/wp\/v2\/media?parent=19062"}],"wp:term":[{"taxonomy":"category","embeddable":true,"href":"https:\/\/www.mercatcarnibcn.com\/es\/wp-json\/wp\/v2\/categories?post=19062"},{"taxonomy":"post_tag","embeddable":true,"href":"https:\/\/www.mercatcarnibcn.com\/es\/wp-json\/wp\/v2\/tags?post=19062"}],"curies":[{"name":"wp","href":"https:\/\/api.w.org\/{rel}","templated":true}]}}