{"id":19066,"date":"2026-09-01T12:14:26","date_gmt":"2026-09-01T11:14:26","guid":{"rendered":"https:\/\/www.mercatcarnibcn.com\/?p=19066"},"modified":"2026-09-01T12:14:26","modified_gmt":"2026-09-01T11:14:26","slug":"el-mercado-mundial-del-porcino-se-reconfigura-rabobank-alerta-de-mayor-presion-competitiva-para-la-industria-europea-y-espanola","status":"publish","type":"post","link":"https:\/\/www.mercatcarnibcn.com\/es\/el-mercado-mundial-del-porcino-se-reconfigura-rabobank-alerta-de-mayor-presion-competitiva-para-la-industria-europea-y-espanola\/","title":{"rendered":"El mercado mundial del porcino se reconfigura: Rabobank alerta de mayor presi\u00f3n competitiva para la industria europea y espa\u00f1ola"},"content":{"rendered":"<p class=\"wp-block-paragraph\"><strong>El comercio internacional de porcino abandona de forma definitiva el modelo centrado en China<\/strong>\u00a0para adentrarse en un escenario m\u00e1s atomizado, regionalizado y vol\u00e1til. As\u00ed lo constata el informe\u00a0<strong>World Pork Map 2026<\/strong>, elaborado por la divisi\u00f3n de an\u00e1lisis agroalimentario\u00a0<strong>RaboResearch (Rabobank)<\/strong>\u00a0bajo la direcci\u00f3n de Eva Gocsik.<\/p>\n<p class=\"wp-block-paragraph\">El estudio destaca que, tras superar las anomal\u00edas provocadas por la<a href=\"https:\/\/carnica.cdecomunicacion.es\/tags\/ppa\" target=\"_blank\" rel=\"noreferrer noopener\">\u00a0peste porcina africana (PPA)<\/a>\u00a0entre 2018 y 2021, los flujos comerciales globales han consolidado vol\u00famenes m\u00e1s moderados desde 2024, situ\u00e1ndose en torno a los 10 millones de toneladas y un valor cercano a los 30.000 millones de d\u00f3lares.<\/p>\n<h2 class=\"wp-block-heading\">El repliegue de la demanda china reconfigura el mapa comprador<\/h2>\n<p class=\"wp-block-paragraph\"><strong>China\u00a0<\/strong>mantiene su condici\u00f3n de<strong>\u00a0principal importador global<\/strong>, pero su peso relativo en el mercado mundial ha ca\u00eddo dr\u00e1sticamente: absorbi\u00f3 el\u00a0<strong>23 % de las importaciones globales en 2025, frente al 43 % alcanzado en 2021<\/strong>.<\/p>\n<p class=\"wp-block-paragraph\">La r\u00e1pida reconstituci\u00f3n de su caba\u00f1a reproductora, las continuas mejoras de productividad y una coyuntura econ\u00f3mica interna debilitada han devuelto al gigante asi\u00e1tico a niveles cercanos a la autosuficiencia. Este contexto culmin\u00f3 en 2025 con un evidente exceso de oferta interna en China, m\u00e1rgenes deprimidos para los productores locales y un consumo que se desplaza gradualmente hacia prote\u00ednas alternativas como el pollo o el vacuno.<\/p>\n<p class=\"wp-block-paragraph\">Paralelamente,\u00a0<strong>M\u00e9xico ha tomado el relevo como el principal importador mundial de carne de cerdo (excluyendo despojos)<\/strong>\u00a0ante sus limitaciones de oferta interna, beneficiando de forma directa a proveedores como Estados Unidos, Canad\u00e1 y Brasil. En el sudeste asi\u00e1tico, destinos como\u00a0<strong>Filipinas y Vietnam contin\u00faan incrementando sus compras exteriores\u00a0<\/strong>para cubrir los vac\u00edos productivos provocados por retos sanitarios end\u00e9micos.<\/p>\n<h2 class=\"wp-block-heading\">La Uni\u00f3n Europea defiende el liderato frente a la pujanza de EE. UU. y Brasil<\/h2>\n<p class=\"wp-block-paragraph\">En el cap\u00edtulo exportador,\u00a0<strong>la Uni\u00f3n Europea preserva su posici\u00f3n como primer suministrador global, aunque la distancia respecto a Estados Unidos se estrecha de manera continua<\/strong>.<\/p>\n<p class=\"wp-block-paragraph\">Rabobank anticipa que<strong>\u00a0la UE terminar\u00e1 cediendo el liderazgo ante el empuje estadounidense a largo plazo,\u00a0<\/strong>lastrada por factores estructurales como las exigencias medioambientales, las directrices de bienestar animal y el encarecimiento de los costes de producci\u00f3n comunitarios. Aunque los roces comerciales bilaterales entre Washington y Pek\u00edn concedieron cierta ventaja competitiva transitoria al producto europeo, las tensiones arancelarias pesan hoy con fuerza sobre la cabina comunitaria.<\/p>\n<p class=\"wp-block-paragraph\">Al mismo tiempo,\u00a0<strong>Brasil se ha consolidado como el tercer mayor exportador internacional tras sobrepasar a Canad\u00e1<\/strong>. Apoyado en una estructura de costes muy competitiva, el operador brasile\u00f1o ha diversificado exitosamente sus env\u00edos hacia mercados emergentes:\u00a0<strong>sus ventas hacia Filipinas crecieron m\u00e1s del 30 %<\/strong>\u00a0en 2025, mitigando as\u00ed su dependencia del mercado chino.<\/p>\n<h2 class=\"wp-block-heading\">Sanidad animal y geopol\u00edtica: el impacto directo en el sector espa\u00f1ol<\/h2>\n<p class=\"wp-block-paragraph\">La evoluci\u00f3n sanitaria sigue condicionando la viabilidad comercial m\u00e1s all\u00e1 de la pura competitividad en precios. El informe de Rabobank subraya expresamente que el\u00a0<strong>brote de PPA registrado en Espa\u00f1a en noviembre de 2025<\/strong>\u00a0evidenci\u00f3 la vulnerabilidad de los grandes exportadores europeos, desencadenando efectos notables sobre las cotizaciones, la rentabilidad de las granjas y el equilibrio sectorial.<\/p>\n<p class=\"wp-block-paragraph\">Frente a estas contingencias, los analistas de la entidad valoran positivamente la extensi\u00f3n de los\u00a0<strong>acuerdos de regionalizaci\u00f3n<\/strong>, como los suscritos entre\u00a0<strong>Espa\u00f1a y China<\/strong>\u00a0(o Francia con Jap\u00f3n), que permiten salvaguardar las expediciones desde zonas libres de enfermedad y evitan cierres de fronteras a escala de pa\u00eds completo.<\/p>\n<p class=\"wp-block-paragraph\">No obstante, las presiones no son \u00fanicamente sanitarias. La imposici\u00f3n de\u00a0<strong>aranceles antidumping por parte de China al porcino de la UE en 2025<\/strong>\u00a0contin\u00faa mermando las ventas de los exportadores europeos. Asimismo,\u00a0<strong>las tensiones militares en Oriente Medio a comienzos de 2026 encarecieron los fletes mar\u00edtimos y la energ\u00eda<\/strong>, complicando las cadenas log\u00edsticas internacionales y tensionando los m\u00e1rgenes operativos.<\/p>\n<h2 class=\"wp-block-heading\">Del volumen al valor a\u00f1adido: la estrategia para la industria c\u00e1rnica<\/h2>\n<p class=\"wp-block-paragraph\">Ante un mercado atomizado donde ning\u00fan comprador absorbe por s\u00ed solo los excedentes de producci\u00f3n, RaboResearch insta a las compa\u00f1\u00edas a abandonar las estrategias monomercado y gestionar sus carteras de clientes con mayor flexibilidad geogr\u00e1fica.<\/p>\n<p class=\"wp-block-paragraph\">El diagn\u00f3stico para la industria europea, y en particular para la espa\u00f1ola, resulta n\u00edtido: mientras gigantes como Estados Unidos y Brasil competir\u00e1n en el segmento de volumen a trav\u00e9s del liderazgo en costes,\u00a0<strong>los operadores comunitarios deber\u00e1n articular su crecimiento en torno a la diferenciaci\u00f3n<\/strong>. Esto exige enfocar los esfuerzos comerciales en cortes de mayor valor a\u00f1adido, atributos verificables de sostenibilidad, garant\u00edas de bioseguridad y acceso preferente a nichos premium.<\/p>\n<p>Fuente: <a href=\"https:\/\/carnica.cdecomunicacion.es\/sector\/porcino\/169435\/mercado-porcino-rabobank-world-pork-map?utm_source=Boletines+de+C%C3%A1rnica&amp;utm_medium=email&amp;utm_campaign=20260518-carnica\">Revista C\u00e1rnica<\/a><\/p>\n","protected":false},"excerpt":{"rendered":"<p>El comercio internacional de porcino abandona de forma definitiva el modelo centrado en China\u00a0para adentrarse en un escenario m\u00e1s atomizado, regionalizado y vol\u00e1til. As\u00ed lo constata el informe\u00a0World Pork Map 2026, elaborado por la divisi\u00f3n de an\u00e1lisis agroalimentario\u00a0RaboResearch (Rabobank)\u00a0bajo la direcci\u00f3n de Eva Gocsik. El estudio destaca que, tras superar las anomal\u00edas provocadas por la\u00a0peste [&hellip;]<\/p>\n","protected":false},"author":4,"featured_media":0,"comment_status":"closed","ping_status":"open","sticky":false,"template":"","format":"standard","meta":{"_et_pb_use_builder":"","_et_pb_old_content":"","_et_gb_content_width":"","footnotes":""},"categories":[82],"tags":[],"class_list":["post-19066","post","type-post","status-publish","format-standard","hentry","category-noticias"],"yoast_head":"<!-- This site is optimized with the Yoast SEO plugin v28.3 - https:\/\/yoast.com\/product\/yoast-seo-wordpress\/ -->\n<title>El mercado mundial del porcino se reconfigura: Rabobank alerta de mayor presi\u00f3n competitiva para la industria europea y espa\u00f1ola - Mercat Carni Barcelona<\/title>\n<meta name=\"robots\" content=\"index, follow, max-snippet:-1, max-image-preview:large, max-video-preview:-1\" \/>\n<link rel=\"canonical\" href=\"https:\/\/www.mercatcarnibcn.com\/es\/el-mercado-mundial-del-porcino-se-reconfigura-rabobank-alerta-de-mayor-presion-competitiva-para-la-industria-europea-y-espanola\/\" \/>\n<meta property=\"og:locale\" content=\"es_ES\" \/>\n<meta property=\"og:type\" content=\"article\" \/>\n<meta property=\"og:title\" content=\"El mercado mundial del porcino se reconfigura: Rabobank alerta de mayor presi\u00f3n competitiva para la industria europea y espa\u00f1ola - Mercat Carni Barcelona\" \/>\n<meta property=\"og:description\" content=\"El comercio internacional de porcino abandona de forma definitiva el modelo centrado en China\u00a0para adentrarse en un escenario m\u00e1s atomizado, regionalizado y vol\u00e1til. As\u00ed lo constata el informe\u00a0World Pork Map 2026, elaborado por la divisi\u00f3n de an\u00e1lisis agroalimentario\u00a0RaboResearch (Rabobank)\u00a0bajo la direcci\u00f3n de Eva Gocsik. El estudio destaca que, tras superar las anomal\u00edas provocadas por la\u00a0peste [&hellip;]\" \/>\n<meta property=\"og:url\" content=\"https:\/\/www.mercatcarnibcn.com\/es\/el-mercado-mundial-del-porcino-se-reconfigura-rabobank-alerta-de-mayor-presion-competitiva-para-la-industria-europea-y-espanola\/\" \/>\n<meta property=\"og:site_name\" content=\"Mercat Carni Barcelona\" \/>\n<meta property=\"article:published_time\" content=\"2026-09-01T11:14:26+00:00\" \/>\n<meta name=\"author\" content=\"Marta Morato\" \/>\n<meta name=\"twitter:card\" content=\"summary_large_image\" \/>\n<meta name=\"twitter:label1\" content=\"Escrito por\" \/>\n\t<meta name=\"twitter:data1\" content=\"Marta Morato\" \/>\n\t<meta name=\"twitter:label2\" content=\"Tiempo de lectura\" \/>\n\t<meta name=\"twitter:data2\" content=\"4 minutos\" \/>\n<script type=\"application\/ld+json\" class=\"yoast-schema-graph\">{\"@context\":\"https:\\\/\\\/schema.org\",\"@graph\":[{\"@type\":\"Article\",\"@id\":\"https:\\\/\\\/www.mercatcarnibcn.com\\\/es\\\/el-mercado-mundial-del-porcino-se-reconfigura-rabobank-alerta-de-mayor-presion-competitiva-para-la-industria-europea-y-espanola\\\/#article\",\"isPartOf\":{\"@id\":\"https:\\\/\\\/www.mercatcarnibcn.com\\\/es\\\/el-mercado-mundial-del-porcino-se-reconfigura-rabobank-alerta-de-mayor-presion-competitiva-para-la-industria-europea-y-espanola\\\/\"},\"author\":{\"name\":\"Marta Morato\",\"@id\":\"https:\\\/\\\/www.mercatcarnibcn.com\\\/#\\\/schema\\\/person\\\/3c07a2e77864b9230f16de6dd3b7f0ab\"},\"headline\":\"El mercado mundial del porcino se reconfigura: Rabobank alerta de mayor presi\u00f3n competitiva para la industria europea y espa\u00f1ola\",\"datePublished\":\"2026-09-01T11:14:26+00:00\",\"mainEntityOfPage\":{\"@id\":\"https:\\\/\\\/www.mercatcarnibcn.com\\\/es\\\/el-mercado-mundial-del-porcino-se-reconfigura-rabobank-alerta-de-mayor-presion-competitiva-para-la-industria-europea-y-espanola\\\/\"},\"wordCount\":792,\"articleSection\":[\"Noticias\"],\"inLanguage\":\"es\"},{\"@type\":\"WebPage\",\"@id\":\"https:\\\/\\\/www.mercatcarnibcn.com\\\/es\\\/el-mercado-mundial-del-porcino-se-reconfigura-rabobank-alerta-de-mayor-presion-competitiva-para-la-industria-europea-y-espanola\\\/\",\"url\":\"https:\\\/\\\/www.mercatcarnibcn.com\\\/es\\\/el-mercado-mundial-del-porcino-se-reconfigura-rabobank-alerta-de-mayor-presion-competitiva-para-la-industria-europea-y-espanola\\\/\",\"name\":\"El mercado mundial del porcino se reconfigura: Rabobank alerta de mayor presi\u00f3n competitiva para la industria europea y espa\u00f1ola - Mercat Carni Barcelona\",\"isPartOf\":{\"@id\":\"https:\\\/\\\/www.mercatcarnibcn.com\\\/#website\"},\"datePublished\":\"2026-09-01T11:14:26+00:00\",\"author\":{\"@id\":\"https:\\\/\\\/www.mercatcarnibcn.com\\\/#\\\/schema\\\/person\\\/3c07a2e77864b9230f16de6dd3b7f0ab\"},\"breadcrumb\":{\"@id\":\"https:\\\/\\\/www.mercatcarnibcn.com\\\/es\\\/el-mercado-mundial-del-porcino-se-reconfigura-rabobank-alerta-de-mayor-presion-competitiva-para-la-industria-europea-y-espanola\\\/#breadcrumb\"},\"inLanguage\":\"es\",\"potentialAction\":[{\"@type\":\"ReadAction\",\"target\":[\"https:\\\/\\\/www.mercatcarnibcn.com\\\/es\\\/el-mercado-mundial-del-porcino-se-reconfigura-rabobank-alerta-de-mayor-presion-competitiva-para-la-industria-europea-y-espanola\\\/\"]}]},{\"@type\":\"BreadcrumbList\",\"@id\":\"https:\\\/\\\/www.mercatcarnibcn.com\\\/es\\\/el-mercado-mundial-del-porcino-se-reconfigura-rabobank-alerta-de-mayor-presion-competitiva-para-la-industria-europea-y-espanola\\\/#breadcrumb\",\"itemListElement\":[{\"@type\":\"ListItem\",\"position\":1,\"name\":\"Portada\",\"item\":\"https:\\\/\\\/www.mercatcarnibcn.com\\\/es\\\/inicio\\\/\"},{\"@type\":\"ListItem\",\"position\":2,\"name\":\"El mercado mundial del porcino se reconfigura: Rabobank alerta de mayor presi\u00f3n competitiva para la industria europea y espa\u00f1ola\"}]},{\"@type\":\"WebSite\",\"@id\":\"https:\\\/\\\/www.mercatcarnibcn.com\\\/#website\",\"url\":\"https:\\\/\\\/www.mercatcarnibcn.com\\\/\",\"name\":\"Mercat Carni Barcelona\",\"description\":\"El Mercat Carni-Ramader i Av\u00edcola de Barcelona\",\"potentialAction\":[{\"@type\":\"SearchAction\",\"target\":{\"@type\":\"EntryPoint\",\"urlTemplate\":\"https:\\\/\\\/www.mercatcarnibcn.com\\\/?s={search_term_string}\"},\"query-input\":{\"@type\":\"PropertyValueSpecification\",\"valueRequired\":true,\"valueName\":\"search_term_string\"}}],\"inLanguage\":\"es\"},{\"@type\":\"Person\",\"@id\":\"https:\\\/\\\/www.mercatcarnibcn.com\\\/#\\\/schema\\\/person\\\/3c07a2e77864b9230f16de6dd3b7f0ab\",\"name\":\"Marta Morato\",\"image\":{\"@type\":\"ImageObject\",\"inLanguage\":\"es\",\"@id\":\"https:\\\/\\\/secure.gravatar.com\\\/avatar\\\/e1f41650665770c942d4e8f4d0d82a76309f5f22ee6ddd29103abcc681db35a2?s=96&d=mm&r=g\",\"url\":\"https:\\\/\\\/secure.gravatar.com\\\/avatar\\\/e1f41650665770c942d4e8f4d0d82a76309f5f22ee6ddd29103abcc681db35a2?s=96&d=mm&r=g\",\"contentUrl\":\"https:\\\/\\\/secure.gravatar.com\\\/avatar\\\/e1f41650665770c942d4e8f4d0d82a76309f5f22ee6ddd29103abcc681db35a2?s=96&d=mm&r=g\",\"caption\":\"Marta Morato\"}}]}<\/script>\n<!-- \/ Yoast SEO plugin. -->","yoast_head_json":{"title":"El mercado mundial del porcino se reconfigura: Rabobank alerta de mayor presi\u00f3n competitiva para la industria europea y espa\u00f1ola - Mercat Carni Barcelona","robots":{"index":"index","follow":"follow","max-snippet":"max-snippet:-1","max-image-preview":"max-image-preview:large","max-video-preview":"max-video-preview:-1"},"canonical":"https:\/\/www.mercatcarnibcn.com\/es\/el-mercado-mundial-del-porcino-se-reconfigura-rabobank-alerta-de-mayor-presion-competitiva-para-la-industria-europea-y-espanola\/","og_locale":"es_ES","og_type":"article","og_title":"El mercado mundial del porcino se reconfigura: Rabobank alerta de mayor presi\u00f3n competitiva para la industria europea y espa\u00f1ola - Mercat Carni Barcelona","og_description":"El comercio internacional de porcino abandona de forma definitiva el modelo centrado en China\u00a0para adentrarse en un escenario m\u00e1s atomizado, regionalizado y vol\u00e1til. As\u00ed lo constata el informe\u00a0World Pork Map 2026, elaborado por la divisi\u00f3n de an\u00e1lisis agroalimentario\u00a0RaboResearch (Rabobank)\u00a0bajo la direcci\u00f3n de Eva Gocsik. El estudio destaca que, tras superar las anomal\u00edas provocadas por la\u00a0peste [&hellip;]","og_url":"https:\/\/www.mercatcarnibcn.com\/es\/el-mercado-mundial-del-porcino-se-reconfigura-rabobank-alerta-de-mayor-presion-competitiva-para-la-industria-europea-y-espanola\/","og_site_name":"Mercat Carni Barcelona","article_published_time":"2026-09-01T11:14:26+00:00","author":"Marta Morato","twitter_card":"summary_large_image","twitter_misc":{"Escrito por":"Marta Morato","Tiempo de lectura":"4 minutos"},"schema":{"@context":"https:\/\/schema.org","@graph":[{"@type":"Article","@id":"https:\/\/www.mercatcarnibcn.com\/es\/el-mercado-mundial-del-porcino-se-reconfigura-rabobank-alerta-de-mayor-presion-competitiva-para-la-industria-europea-y-espanola\/#article","isPartOf":{"@id":"https:\/\/www.mercatcarnibcn.com\/es\/el-mercado-mundial-del-porcino-se-reconfigura-rabobank-alerta-de-mayor-presion-competitiva-para-la-industria-europea-y-espanola\/"},"author":{"name":"Marta Morato","@id":"https:\/\/www.mercatcarnibcn.com\/#\/schema\/person\/3c07a2e77864b9230f16de6dd3b7f0ab"},"headline":"El mercado mundial del porcino se reconfigura: Rabobank alerta de mayor presi\u00f3n competitiva para la industria europea y espa\u00f1ola","datePublished":"2026-09-01T11:14:26+00:00","mainEntityOfPage":{"@id":"https:\/\/www.mercatcarnibcn.com\/es\/el-mercado-mundial-del-porcino-se-reconfigura-rabobank-alerta-de-mayor-presion-competitiva-para-la-industria-europea-y-espanola\/"},"wordCount":792,"articleSection":["Noticias"],"inLanguage":"es"},{"@type":"WebPage","@id":"https:\/\/www.mercatcarnibcn.com\/es\/el-mercado-mundial-del-porcino-se-reconfigura-rabobank-alerta-de-mayor-presion-competitiva-para-la-industria-europea-y-espanola\/","url":"https:\/\/www.mercatcarnibcn.com\/es\/el-mercado-mundial-del-porcino-se-reconfigura-rabobank-alerta-de-mayor-presion-competitiva-para-la-industria-europea-y-espanola\/","name":"El mercado mundial del porcino se reconfigura: Rabobank alerta de mayor presi\u00f3n competitiva para la industria europea y espa\u00f1ola - Mercat Carni Barcelona","isPartOf":{"@id":"https:\/\/www.mercatcarnibcn.com\/#website"},"datePublished":"2026-09-01T11:14:26+00:00","author":{"@id":"https:\/\/www.mercatcarnibcn.com\/#\/schema\/person\/3c07a2e77864b9230f16de6dd3b7f0ab"},"breadcrumb":{"@id":"https:\/\/www.mercatcarnibcn.com\/es\/el-mercado-mundial-del-porcino-se-reconfigura-rabobank-alerta-de-mayor-presion-competitiva-para-la-industria-europea-y-espanola\/#breadcrumb"},"inLanguage":"es","potentialAction":[{"@type":"ReadAction","target":["https:\/\/www.mercatcarnibcn.com\/es\/el-mercado-mundial-del-porcino-se-reconfigura-rabobank-alerta-de-mayor-presion-competitiva-para-la-industria-europea-y-espanola\/"]}]},{"@type":"BreadcrumbList","@id":"https:\/\/www.mercatcarnibcn.com\/es\/el-mercado-mundial-del-porcino-se-reconfigura-rabobank-alerta-de-mayor-presion-competitiva-para-la-industria-europea-y-espanola\/#breadcrumb","itemListElement":[{"@type":"ListItem","position":1,"name":"Portada","item":"https:\/\/www.mercatcarnibcn.com\/es\/inicio\/"},{"@type":"ListItem","position":2,"name":"El mercado mundial del porcino se reconfigura: Rabobank alerta de mayor presi\u00f3n competitiva para la industria europea y espa\u00f1ola"}]},{"@type":"WebSite","@id":"https:\/\/www.mercatcarnibcn.com\/#website","url":"https:\/\/www.mercatcarnibcn.com\/","name":"Mercat Carni Barcelona","description":"El Mercat Carni-Ramader i Av\u00edcola de Barcelona","potentialAction":[{"@type":"SearchAction","target":{"@type":"EntryPoint","urlTemplate":"https:\/\/www.mercatcarnibcn.com\/?s={search_term_string}"},"query-input":{"@type":"PropertyValueSpecification","valueRequired":true,"valueName":"search_term_string"}}],"inLanguage":"es"},{"@type":"Person","@id":"https:\/\/www.mercatcarnibcn.com\/#\/schema\/person\/3c07a2e77864b9230f16de6dd3b7f0ab","name":"Marta Morato","image":{"@type":"ImageObject","inLanguage":"es","@id":"https:\/\/secure.gravatar.com\/avatar\/e1f41650665770c942d4e8f4d0d82a76309f5f22ee6ddd29103abcc681db35a2?s=96&d=mm&r=g","url":"https:\/\/secure.gravatar.com\/avatar\/e1f41650665770c942d4e8f4d0d82a76309f5f22ee6ddd29103abcc681db35a2?s=96&d=mm&r=g","contentUrl":"https:\/\/secure.gravatar.com\/avatar\/e1f41650665770c942d4e8f4d0d82a76309f5f22ee6ddd29103abcc681db35a2?s=96&d=mm&r=g","caption":"Marta Morato"}}]}},"_links":{"self":[{"href":"https:\/\/www.mercatcarnibcn.com\/es\/wp-json\/wp\/v2\/posts\/19066","targetHints":{"allow":["GET"]}}],"collection":[{"href":"https:\/\/www.mercatcarnibcn.com\/es\/wp-json\/wp\/v2\/posts"}],"about":[{"href":"https:\/\/www.mercatcarnibcn.com\/es\/wp-json\/wp\/v2\/types\/post"}],"author":[{"embeddable":true,"href":"https:\/\/www.mercatcarnibcn.com\/es\/wp-json\/wp\/v2\/users\/4"}],"replies":[{"embeddable":true,"href":"https:\/\/www.mercatcarnibcn.com\/es\/wp-json\/wp\/v2\/comments?post=19066"}],"version-history":[{"count":1,"href":"https:\/\/www.mercatcarnibcn.com\/es\/wp-json\/wp\/v2\/posts\/19066\/revisions"}],"predecessor-version":[{"id":19067,"href":"https:\/\/www.mercatcarnibcn.com\/es\/wp-json\/wp\/v2\/posts\/19066\/revisions\/19067"}],"wp:attachment":[{"href":"https:\/\/www.mercatcarnibcn.com\/es\/wp-json\/wp\/v2\/media?parent=19066"}],"wp:term":[{"taxonomy":"category","embeddable":true,"href":"https:\/\/www.mercatcarnibcn.com\/es\/wp-json\/wp\/v2\/categories?post=19066"},{"taxonomy":"post_tag","embeddable":true,"href":"https:\/\/www.mercatcarnibcn.com\/es\/wp-json\/wp\/v2\/tags?post=19066"}],"curies":[{"name":"wp","href":"https:\/\/api.w.org\/{rel}","templated":true}]}}