{"id":19123,"date":"2026-09-03T09:59:41","date_gmt":"2026-09-03T08:59:41","guid":{"rendered":"https:\/\/www.mercatcarnibcn.com\/?p=19123"},"modified":"2026-09-03T09:59:41","modified_gmt":"2026-09-03T08:59:41","slug":"3-de-septiembre-paso-importante-hacia-una-reciprocidad-real-en-las-normas-de-importacion-de-la-ue","status":"publish","type":"post","link":"https:\/\/www.mercatcarnibcn.com\/es\/3-de-septiembre-paso-importante-hacia-una-reciprocidad-real-en-las-normas-de-importacion-de-la-ue\/","title":{"rendered":"3 de septiembre: paso importante hacia una reciprocidad real en las normas de importaci\u00f3n de la UE"},"content":{"rendered":"<p class=\"heditor_first\"><strong>Eat Europe y Farm Europe. Grupos de Expertos en Econom\u00eda Rural de la UE<\/strong><\/p>\n<p><strong>En Eat Europe y Farm Europe acogemos calurosamente la entrada en vigor, a partir de este jueves 3 de septiembre, de la decisi\u00f3n de la Comisi\u00f3n Europea que excluye a Brasil de la lista de pa\u00edses autorizados para exportar productos de origen animal a la Uni\u00f3n Europea, salvo que se pueda demostrar el cumplimiento de las normas europeas sobre el uso de antimicrobianos.<\/strong><\/p>\n<p>Este es un d\u00eda importante y un paso concreto en los esfuerzos que Eat Europe, Farm Europe y sus miembros llevan mucho tiempo persiguiendo para<strong>\u00a0lograr una verdadera reciprocidad.<\/strong><\/p>\n<p><strong>El principio es simple y fundamental: no pueden existir est\u00e1ndares diferentes dependiendo de si un producto se produce dentro de la Uni\u00f3n Europea o se importa de un tercer pa\u00eds. Las normas europeas sobre seguridad alimentaria y el uso de antimicrobianos deben aplicarse y aplicarse de forma constante en toda la cadena de suministro.<\/strong><\/p>\n<p>Pero este logro debe traducirse en la\u00a0<strong>aplicaci\u00f3n efectiva de las normas.<\/strong><\/p>\n<p>Informaci\u00f3n reciente hecha p\u00fablica por las autoridades brasile\u00f1as y representantes del sector ganadero sobre el<strong>\u00a0nuevo protocolo de certificaci\u00f3n<\/strong>\u00a0destinado a garantizar el cumplimiento de los requisitos de la UE sobre el uso de antimicrobianos\u00a0<strong>plantea preocupaciones que no pueden ser ignoradas.<\/strong><\/p>\n<p>Seg\u00fan la informaci\u00f3n proporcionada por las autoridades brasile\u00f1as y los propios representantes de la industria,\u00a0<strong>el sistema de certificaci\u00f3n a\u00fan est\u00e1 en una fase temprana y ninguna explotaci\u00f3n ganadera ha sido certificada bajo el nuevo protocolo. Esto indica que la implementaci\u00f3n pr\u00e1ctica del sistema y la verificaci\u00f3n del cumplimiento efectivo a\u00fan se est\u00e1n estableciendo.<\/strong><\/p>\n<p><strong>Los est\u00e1ndares de la Uni\u00f3n Europea sobre la prohibici\u00f3n de ciertos antimicrobianos en animales destinados a la exportaci\u00f3n no son nuevos. Estos requisitos son aplicables desde 2023 y los pa\u00edses exportadores han tenido tiempo suficiente para adaptarse.<\/strong><\/p>\n<p><strong>El cumplimiento de la legislaci\u00f3n de la UE no puede depender \u00fanicamente de futuros compromisos o sistemas de certificaci\u00f3n que a\u00fan no hayan demostrado su eficacia en la pr\u00e1ctica.<\/strong><\/p>\n<p><strong>Controles y protecci\u00f3n del consumidor<\/strong><\/p>\n<p>Por este motivo,\u00a0<strong>instamos a la Comisi\u00f3n Europea a mantener un enfoque estricto y preventivo, reforzando los controles oficiales sobre las importaciones de carne de vacuno procedentes de Brasil<\/strong>.<\/p>\n<p>Las autoridades competentes brasile\u00f1as deben proporcionar garant\u00edas s\u00f3lidas, verificables y fiables de que todos los productos exportados a la Uni\u00f3n Europea cumplen plenamente con los requisitos europeos.<\/p>\n<p>Para\u00a0<strong>Luigi Scordamaglia,<\/strong>\u00a0presidente de Eat Europe,\u00a0<em>\u201cla experiencia brasile\u00f1a reafirma la importancia de reforzar los controles, certificaciones y procedimientos de verificaci\u00f3n para los sistemas productivos de los pa\u00edses exportadores, en lugar de depender \u00fanicamente de controles en la frontera, y\u00a0\u201cel enfoque debe pasar de los controles ex-post a asegurar, a lo largo de toda la cadena de suministro, condiciones de producci\u00f3n equivalentes a las aplicadas en Europa.\u201d<\/em><\/p>\n<p><strong>La protecci\u00f3n de los consumidores europeos debe seguir siendo una prioridad absoluta<\/strong>. Al mismo tiempo, es esencial proteger a los operadores europeos que cumplen con normas estrictas cada d\u00eda y asumen los costes asociados a la aplicaci\u00f3n de las normas de la UE.<\/p>\n<p>Y esto es cierto no solo en lo que respecta al cumplimiento de nuestra legislaci\u00f3n veterinaria, sino tambi\u00e9n a los requisitos relativos a la trazabilidad y a la prohibici\u00f3n de importaciones de productos brasile\u00f1os derivados de OGM que no est\u00e9n autorizados en la Uni\u00f3n Europea.<\/p>\n<p>Para\u00a0<strong>Yves Madre<\/strong>, presidente de Farm Europe, \u201c<em>la credibilidad del sistema europeo de seguridad alimentaria depende de la capacidad de aplicar las mismas normas a todos. Cualquier disparidad en la aplicaci\u00f3n de las normas correr\u00eda el riesgo de socavar la confianza del consumidor, poniendo en desventaja a los productores europeos cumplidores y debilitando el propio principio de reciprocidad. No es solo una cuesti\u00f3n de justicia, sino tambi\u00e9n de credibilidad pol\u00edtica. Los miembros del Parlamento Europeo son muy claros, con una gran mayor\u00eda de miembros de Comagri presentando enmiendas a la reforma de la OMC \u00fanica que exige que los productos importados cumplan con los est\u00e1ndares de producci\u00f3n de la UE\u201d.<\/em><\/p>\n<p><strong>Por tanto, este 3 de septiembre es un d\u00eda importante: no un punto final, sino un paso adelante en la construcci\u00f3n de una verdadera reciprocidad.<\/strong><\/p>\n<p>Fuente: <a href=\"https:\/\/www.qcom.es\/mercosur\/periodico-digital-qcom.es-el-punto-de-encuentro-de-la-cadena-agroalimentaria\/3-de-septiembre-paso-importante-hacia-una-reciprocidad-real-en-las-normas-de-importacion-de-la-ue_88546_0_0_0_1_1104516_59128594083468_in.html\">Q.<\/a><\/p>\n","protected":false},"excerpt":{"rendered":"<p>Eat Europe y Farm Europe. Grupos de Expertos en Econom\u00eda Rural de la UE En Eat Europe y Farm Europe acogemos calurosamente la entrada en vigor, a partir de este jueves 3 de septiembre, de la decisi\u00f3n de la Comisi\u00f3n Europea que excluye a Brasil de la lista de pa\u00edses autorizados para exportar productos de [&hellip;]<\/p>\n","protected":false},"author":4,"featured_media":0,"comment_status":"closed","ping_status":"open","sticky":false,"template":"","format":"standard","meta":{"_et_pb_use_builder":"","_et_pb_old_content":"","_et_gb_content_width":"","footnotes":""},"categories":[82],"tags":[],"class_list":["post-19123","post","type-post","status-publish","format-standard","hentry","category-noticias"],"yoast_head":"<!-- This site is optimized with the Yoast SEO plugin v28.3 - https:\/\/yoast.com\/product\/yoast-seo-wordpress\/ -->\n<title>3 de septiembre: paso importante hacia una reciprocidad real en las normas de importaci\u00f3n de la UE - Mercat Carni Barcelona<\/title>\n<meta name=\"robots\" content=\"index, follow, max-snippet:-1, max-image-preview:large, max-video-preview:-1\" \/>\n<link rel=\"canonical\" href=\"https:\/\/www.mercatcarnibcn.com\/es\/3-de-septiembre-paso-importante-hacia-una-reciprocidad-real-en-las-normas-de-importacion-de-la-ue\/\" \/>\n<meta property=\"og:locale\" content=\"es_ES\" \/>\n<meta property=\"og:type\" content=\"article\" \/>\n<meta property=\"og:title\" content=\"3 de septiembre: paso importante hacia una reciprocidad real en las normas de importaci\u00f3n de la UE - Mercat Carni Barcelona\" \/>\n<meta property=\"og:description\" content=\"Eat Europe y Farm Europe. Grupos de Expertos en Econom\u00eda Rural de la UE En Eat Europe y Farm Europe acogemos calurosamente la entrada en vigor, a partir de este jueves 3 de septiembre, de la decisi\u00f3n de la Comisi\u00f3n Europea que excluye a Brasil de la lista de pa\u00edses autorizados para exportar productos de [&hellip;]\" \/>\n<meta property=\"og:url\" content=\"https:\/\/www.mercatcarnibcn.com\/es\/3-de-septiembre-paso-importante-hacia-una-reciprocidad-real-en-las-normas-de-importacion-de-la-ue\/\" \/>\n<meta property=\"og:site_name\" content=\"Mercat Carni Barcelona\" \/>\n<meta property=\"article:published_time\" content=\"2026-09-03T08:59:41+00:00\" \/>\n<meta name=\"author\" content=\"Marta Morato\" \/>\n<meta name=\"twitter:card\" content=\"summary_large_image\" \/>\n<meta name=\"twitter:label1\" content=\"Escrito por\" \/>\n\t<meta name=\"twitter:data1\" content=\"Marta Morato\" \/>\n\t<meta name=\"twitter:label2\" content=\"Tiempo de lectura\" \/>\n\t<meta name=\"twitter:data2\" content=\"4 minutos\" \/>\n<script type=\"application\/ld+json\" class=\"yoast-schema-graph\">{\"@context\":\"https:\\\/\\\/schema.org\",\"@graph\":[{\"@type\":\"Article\",\"@id\":\"https:\\\/\\\/www.mercatcarnibcn.com\\\/es\\\/3-de-septiembre-paso-importante-hacia-una-reciprocidad-real-en-las-normas-de-importacion-de-la-ue\\\/#article\",\"isPartOf\":{\"@id\":\"https:\\\/\\\/www.mercatcarnibcn.com\\\/es\\\/3-de-septiembre-paso-importante-hacia-una-reciprocidad-real-en-las-normas-de-importacion-de-la-ue\\\/\"},\"author\":{\"name\":\"Marta Morato\",\"@id\":\"https:\\\/\\\/www.mercatcarnibcn.com\\\/#\\\/schema\\\/person\\\/3c07a2e77864b9230f16de6dd3b7f0ab\"},\"headline\":\"3 de septiembre: paso importante hacia una reciprocidad real en las normas de importaci\u00f3n de la UE\",\"datePublished\":\"2026-09-03T08:59:41+00:00\",\"mainEntityOfPage\":{\"@id\":\"https:\\\/\\\/www.mercatcarnibcn.com\\\/es\\\/3-de-septiembre-paso-importante-hacia-una-reciprocidad-real-en-las-normas-de-importacion-de-la-ue\\\/\"},\"wordCount\":766,\"articleSection\":[\"Noticias\"],\"inLanguage\":\"es\"},{\"@type\":\"WebPage\",\"@id\":\"https:\\\/\\\/www.mercatcarnibcn.com\\\/es\\\/3-de-septiembre-paso-importante-hacia-una-reciprocidad-real-en-las-normas-de-importacion-de-la-ue\\\/\",\"url\":\"https:\\\/\\\/www.mercatcarnibcn.com\\\/es\\\/3-de-septiembre-paso-importante-hacia-una-reciprocidad-real-en-las-normas-de-importacion-de-la-ue\\\/\",\"name\":\"3 de septiembre: paso importante hacia una reciprocidad real en las normas de importaci\u00f3n de la UE - Mercat Carni Barcelona\",\"isPartOf\":{\"@id\":\"https:\\\/\\\/www.mercatcarnibcn.com\\\/#website\"},\"datePublished\":\"2026-09-03T08:59:41+00:00\",\"author\":{\"@id\":\"https:\\\/\\\/www.mercatcarnibcn.com\\\/#\\\/schema\\\/person\\\/3c07a2e77864b9230f16de6dd3b7f0ab\"},\"breadcrumb\":{\"@id\":\"https:\\\/\\\/www.mercatcarnibcn.com\\\/es\\\/3-de-septiembre-paso-importante-hacia-una-reciprocidad-real-en-las-normas-de-importacion-de-la-ue\\\/#breadcrumb\"},\"inLanguage\":\"es\",\"potentialAction\":[{\"@type\":\"ReadAction\",\"target\":[\"https:\\\/\\\/www.mercatcarnibcn.com\\\/es\\\/3-de-septiembre-paso-importante-hacia-una-reciprocidad-real-en-las-normas-de-importacion-de-la-ue\\\/\"]}]},{\"@type\":\"BreadcrumbList\",\"@id\":\"https:\\\/\\\/www.mercatcarnibcn.com\\\/es\\\/3-de-septiembre-paso-importante-hacia-una-reciprocidad-real-en-las-normas-de-importacion-de-la-ue\\\/#breadcrumb\",\"itemListElement\":[{\"@type\":\"ListItem\",\"position\":1,\"name\":\"Portada\",\"item\":\"https:\\\/\\\/www.mercatcarnibcn.com\\\/es\\\/inicio\\\/\"},{\"@type\":\"ListItem\",\"position\":2,\"name\":\"3 de septiembre: paso importante hacia una reciprocidad real en las normas de importaci\u00f3n de la UE\"}]},{\"@type\":\"WebSite\",\"@id\":\"https:\\\/\\\/www.mercatcarnibcn.com\\\/#website\",\"url\":\"https:\\\/\\\/www.mercatcarnibcn.com\\\/\",\"name\":\"Mercat Carni Barcelona\",\"description\":\"El Mercat Carni-Ramader i Av\u00edcola de Barcelona\",\"potentialAction\":[{\"@type\":\"SearchAction\",\"target\":{\"@type\":\"EntryPoint\",\"urlTemplate\":\"https:\\\/\\\/www.mercatcarnibcn.com\\\/?s={search_term_string}\"},\"query-input\":{\"@type\":\"PropertyValueSpecification\",\"valueRequired\":true,\"valueName\":\"search_term_string\"}}],\"inLanguage\":\"es\"},{\"@type\":\"Person\",\"@id\":\"https:\\\/\\\/www.mercatcarnibcn.com\\\/#\\\/schema\\\/person\\\/3c07a2e77864b9230f16de6dd3b7f0ab\",\"name\":\"Marta Morato\",\"image\":{\"@type\":\"ImageObject\",\"inLanguage\":\"es\",\"@id\":\"https:\\\/\\\/secure.gravatar.com\\\/avatar\\\/e1f41650665770c942d4e8f4d0d82a76309f5f22ee6ddd29103abcc681db35a2?s=96&d=mm&r=g\",\"url\":\"https:\\\/\\\/secure.gravatar.com\\\/avatar\\\/e1f41650665770c942d4e8f4d0d82a76309f5f22ee6ddd29103abcc681db35a2?s=96&d=mm&r=g\",\"contentUrl\":\"https:\\\/\\\/secure.gravatar.com\\\/avatar\\\/e1f41650665770c942d4e8f4d0d82a76309f5f22ee6ddd29103abcc681db35a2?s=96&d=mm&r=g\",\"caption\":\"Marta Morato\"}}]}<\/script>\n<!-- \/ Yoast SEO plugin. -->","yoast_head_json":{"title":"3 de septiembre: paso importante hacia una reciprocidad real en las normas de importaci\u00f3n de la UE - Mercat Carni Barcelona","robots":{"index":"index","follow":"follow","max-snippet":"max-snippet:-1","max-image-preview":"max-image-preview:large","max-video-preview":"max-video-preview:-1"},"canonical":"https:\/\/www.mercatcarnibcn.com\/es\/3-de-septiembre-paso-importante-hacia-una-reciprocidad-real-en-las-normas-de-importacion-de-la-ue\/","og_locale":"es_ES","og_type":"article","og_title":"3 de septiembre: paso importante hacia una reciprocidad real en las normas de importaci\u00f3n de la UE - Mercat Carni Barcelona","og_description":"Eat Europe y Farm Europe. Grupos de Expertos en Econom\u00eda Rural de la UE En Eat Europe y Farm Europe acogemos calurosamente la entrada en vigor, a partir de este jueves 3 de septiembre, de la decisi\u00f3n de la Comisi\u00f3n Europea que excluye a Brasil de la lista de pa\u00edses autorizados para exportar productos de [&hellip;]","og_url":"https:\/\/www.mercatcarnibcn.com\/es\/3-de-septiembre-paso-importante-hacia-una-reciprocidad-real-en-las-normas-de-importacion-de-la-ue\/","og_site_name":"Mercat Carni Barcelona","article_published_time":"2026-09-03T08:59:41+00:00","author":"Marta Morato","twitter_card":"summary_large_image","twitter_misc":{"Escrito por":"Marta Morato","Tiempo de lectura":"4 minutos"},"schema":{"@context":"https:\/\/schema.org","@graph":[{"@type":"Article","@id":"https:\/\/www.mercatcarnibcn.com\/es\/3-de-septiembre-paso-importante-hacia-una-reciprocidad-real-en-las-normas-de-importacion-de-la-ue\/#article","isPartOf":{"@id":"https:\/\/www.mercatcarnibcn.com\/es\/3-de-septiembre-paso-importante-hacia-una-reciprocidad-real-en-las-normas-de-importacion-de-la-ue\/"},"author":{"name":"Marta Morato","@id":"https:\/\/www.mercatcarnibcn.com\/#\/schema\/person\/3c07a2e77864b9230f16de6dd3b7f0ab"},"headline":"3 de septiembre: paso importante hacia una reciprocidad real en las normas de importaci\u00f3n de la UE","datePublished":"2026-09-03T08:59:41+00:00","mainEntityOfPage":{"@id":"https:\/\/www.mercatcarnibcn.com\/es\/3-de-septiembre-paso-importante-hacia-una-reciprocidad-real-en-las-normas-de-importacion-de-la-ue\/"},"wordCount":766,"articleSection":["Noticias"],"inLanguage":"es"},{"@type":"WebPage","@id":"https:\/\/www.mercatcarnibcn.com\/es\/3-de-septiembre-paso-importante-hacia-una-reciprocidad-real-en-las-normas-de-importacion-de-la-ue\/","url":"https:\/\/www.mercatcarnibcn.com\/es\/3-de-septiembre-paso-importante-hacia-una-reciprocidad-real-en-las-normas-de-importacion-de-la-ue\/","name":"3 de septiembre: paso importante hacia una reciprocidad real en las normas de importaci\u00f3n de la UE - Mercat Carni Barcelona","isPartOf":{"@id":"https:\/\/www.mercatcarnibcn.com\/#website"},"datePublished":"2026-09-03T08:59:41+00:00","author":{"@id":"https:\/\/www.mercatcarnibcn.com\/#\/schema\/person\/3c07a2e77864b9230f16de6dd3b7f0ab"},"breadcrumb":{"@id":"https:\/\/www.mercatcarnibcn.com\/es\/3-de-septiembre-paso-importante-hacia-una-reciprocidad-real-en-las-normas-de-importacion-de-la-ue\/#breadcrumb"},"inLanguage":"es","potentialAction":[{"@type":"ReadAction","target":["https:\/\/www.mercatcarnibcn.com\/es\/3-de-septiembre-paso-importante-hacia-una-reciprocidad-real-en-las-normas-de-importacion-de-la-ue\/"]}]},{"@type":"BreadcrumbList","@id":"https:\/\/www.mercatcarnibcn.com\/es\/3-de-septiembre-paso-importante-hacia-una-reciprocidad-real-en-las-normas-de-importacion-de-la-ue\/#breadcrumb","itemListElement":[{"@type":"ListItem","position":1,"name":"Portada","item":"https:\/\/www.mercatcarnibcn.com\/es\/inicio\/"},{"@type":"ListItem","position":2,"name":"3 de septiembre: paso importante hacia una reciprocidad real en las normas de importaci\u00f3n de la UE"}]},{"@type":"WebSite","@id":"https:\/\/www.mercatcarnibcn.com\/#website","url":"https:\/\/www.mercatcarnibcn.com\/","name":"Mercat Carni Barcelona","description":"El Mercat Carni-Ramader i Av\u00edcola de Barcelona","potentialAction":[{"@type":"SearchAction","target":{"@type":"EntryPoint","urlTemplate":"https:\/\/www.mercatcarnibcn.com\/?s={search_term_string}"},"query-input":{"@type":"PropertyValueSpecification","valueRequired":true,"valueName":"search_term_string"}}],"inLanguage":"es"},{"@type":"Person","@id":"https:\/\/www.mercatcarnibcn.com\/#\/schema\/person\/3c07a2e77864b9230f16de6dd3b7f0ab","name":"Marta Morato","image":{"@type":"ImageObject","inLanguage":"es","@id":"https:\/\/secure.gravatar.com\/avatar\/e1f41650665770c942d4e8f4d0d82a76309f5f22ee6ddd29103abcc681db35a2?s=96&d=mm&r=g","url":"https:\/\/secure.gravatar.com\/avatar\/e1f41650665770c942d4e8f4d0d82a76309f5f22ee6ddd29103abcc681db35a2?s=96&d=mm&r=g","contentUrl":"https:\/\/secure.gravatar.com\/avatar\/e1f41650665770c942d4e8f4d0d82a76309f5f22ee6ddd29103abcc681db35a2?s=96&d=mm&r=g","caption":"Marta Morato"}}]}},"_links":{"self":[{"href":"https:\/\/www.mercatcarnibcn.com\/es\/wp-json\/wp\/v2\/posts\/19123","targetHints":{"allow":["GET"]}}],"collection":[{"href":"https:\/\/www.mercatcarnibcn.com\/es\/wp-json\/wp\/v2\/posts"}],"about":[{"href":"https:\/\/www.mercatcarnibcn.com\/es\/wp-json\/wp\/v2\/types\/post"}],"author":[{"embeddable":true,"href":"https:\/\/www.mercatcarnibcn.com\/es\/wp-json\/wp\/v2\/users\/4"}],"replies":[{"embeddable":true,"href":"https:\/\/www.mercatcarnibcn.com\/es\/wp-json\/wp\/v2\/comments?post=19123"}],"version-history":[{"count":1,"href":"https:\/\/www.mercatcarnibcn.com\/es\/wp-json\/wp\/v2\/posts\/19123\/revisions"}],"predecessor-version":[{"id":19124,"href":"https:\/\/www.mercatcarnibcn.com\/es\/wp-json\/wp\/v2\/posts\/19123\/revisions\/19124"}],"wp:attachment":[{"href":"https:\/\/www.mercatcarnibcn.com\/es\/wp-json\/wp\/v2\/media?parent=19123"}],"wp:term":[{"taxonomy":"category","embeddable":true,"href":"https:\/\/www.mercatcarnibcn.com\/es\/wp-json\/wp\/v2\/categories?post=19123"},{"taxonomy":"post_tag","embeddable":true,"href":"https:\/\/www.mercatcarnibcn.com\/es\/wp-json\/wp\/v2\/tags?post=19123"}],"curies":[{"name":"wp","href":"https:\/\/api.w.org\/{rel}","templated":true}]}}